{"id":1444,"date":"2022-02-11T13:43:23","date_gmt":"2022-02-11T12:43:23","guid":{"rendered":"https:\/\/vdla-uka.de\/?p=1444"},"modified":"2022-03-03T11:10:58","modified_gmt":"2022-03-03T10:10:58","slug":"schutz-durch-gesetzliche-unfallversicherung-im-homeoffice","status":"publish","type":"post","link":"https:\/\/vdla-uka.de\/?p=1444","title":{"rendered":"Schutz durch gesetzliche Unfallversicherung im Homeoffice"},"content":{"rendered":"\t\t<div data-elementor-type=\"wp-post\" data-elementor-id=\"1444\" class=\"elementor elementor-1444\" data-elementor-settings=\"{&quot;element_pack_global_tooltip_width&quot;:{&quot;unit&quot;:&quot;px&quot;,&quot;size&quot;:&quot;&quot;,&quot;sizes&quot;:[]},&quot;element_pack_global_tooltip_width_tablet&quot;:{&quot;unit&quot;:&quot;px&quot;,&quot;size&quot;:&quot;&quot;,&quot;sizes&quot;:[]},&quot;element_pack_global_tooltip_width_mobile&quot;:{&quot;unit&quot;:&quot;px&quot;,&quot;size&quot;:&quot;&quot;,&quot;sizes&quot;:[]},&quot;element_pack_global_tooltip_padding&quot;:{&quot;unit&quot;:&quot;px&quot;,&quot;top&quot;:&quot;&quot;,&quot;right&quot;:&quot;&quot;,&quot;bottom&quot;:&quot;&quot;,&quot;left&quot;:&quot;&quot;,&quot;isLinked&quot;:true},&quot;element_pack_global_tooltip_padding_tablet&quot;:{&quot;unit&quot;:&quot;px&quot;,&quot;top&quot;:&quot;&quot;,&quot;right&quot;:&quot;&quot;,&quot;bottom&quot;:&quot;&quot;,&quot;left&quot;:&quot;&quot;,&quot;isLinked&quot;:true},&quot;element_pack_global_tooltip_padding_mobile&quot;:{&quot;unit&quot;:&quot;px&quot;,&quot;top&quot;:&quot;&quot;,&quot;right&quot;:&quot;&quot;,&quot;bottom&quot;:&quot;&quot;,&quot;left&quot;:&quot;&quot;,&quot;isLinked&quot;:true},&quot;element_pack_global_tooltip_border_radius&quot;:{&quot;unit&quot;:&quot;px&quot;,&quot;top&quot;:&quot;&quot;,&quot;right&quot;:&quot;&quot;,&quot;bottom&quot;:&quot;&quot;,&quot;left&quot;:&quot;&quot;,&quot;isLinked&quot;:true},&quot;element_pack_global_tooltip_border_radius_tablet&quot;:{&quot;unit&quot;:&quot;px&quot;,&quot;top&quot;:&quot;&quot;,&quot;right&quot;:&quot;&quot;,&quot;bottom&quot;:&quot;&quot;,&quot;left&quot;:&quot;&quot;,&quot;isLinked&quot;:true},&quot;element_pack_global_tooltip_border_radius_mobile&quot;:{&quot;unit&quot;:&quot;px&quot;,&quot;top&quot;:&quot;&quot;,&quot;right&quot;:&quot;&quot;,&quot;bottom&quot;:&quot;&quot;,&quot;left&quot;:&quot;&quot;,&quot;isLinked&quot;:true}}\" data-elementor-post-type=\"post\">\n\t\t\t\t\t\t<section class=\"elementor-section elementor-top-section elementor-element elementor-element-cbd7a78 elementor-section-boxed elementor-section-height-default elementor-section-height-default\" data-id=\"cbd7a78\" data-element_type=\"section\">\n\t\t\t\t\t\t<div class=\"elementor-container elementor-column-gap-default\">\n\t\t\t\t\t<div class=\"elementor-column elementor-col-100 elementor-top-column elementor-element elementor-element-b05c3f3\" data-id=\"b05c3f3\" data-element_type=\"column\">\n\t\t\t<div class=\"elementor-widget-wrap elementor-element-populated\">\n\t\t\t\t\t\t<div class=\"elementor-element elementor-element-d20ebf5 elementor-widget elementor-widget-heading\" data-id=\"d20ebf5\" data-element_type=\"widget\" data-widget_type=\"heading.default\">\n\t\t\t\t<div class=\"elementor-widget-container\">\n\t\t\t<h5 class=\"elementor-heading-title elementor-size-default\">Urteil des Zweiten Senats des Bundessozialgerichts in Kassel vom 8. Dezember\n2021 (Aktenzeichen B2U4\/21R)<\/h5>\t\t<\/div>\n\t\t\t\t<\/div>\n\t\t\t\t\t<\/div>\n\t\t<\/div>\n\t\t\t\t\t<\/div>\n\t\t<\/section>\n\t\t\t\t<section class=\"elementor-section elementor-top-section elementor-element elementor-element-ec14e95 elementor-section-boxed elementor-section-height-default elementor-section-height-default\" data-id=\"ec14e95\" data-element_type=\"section\">\n\t\t\t\t\t\t<div class=\"elementor-container elementor-column-gap-default\">\n\t\t\t\t\t<div class=\"elementor-column elementor-col-100 elementor-top-column elementor-element elementor-element-6a1787d\" data-id=\"6a1787d\" data-element_type=\"column\">\n\t\t\t<div class=\"elementor-widget-wrap elementor-element-populated\">\n\t\t\t\t\t\t<div class=\"elementor-element elementor-element-c40e5b6 elementor-widget elementor-widget-heading\" data-id=\"c40e5b6\" data-element_type=\"widget\" data-widget_type=\"heading.default\">\n\t\t\t\t<div class=\"elementor-widget-container\">\n\t\t\t<h5 class=\"elementor-heading-title elementor-size-default\">Der Sachverhalt <\/h5>\t\t<\/div>\n\t\t\t\t<\/div>\n\t\t\t\t<div class=\"elementor-element elementor-element-64b7a5c elementor-widget elementor-widget-text-editor\" data-id=\"64b7a5c\" data-element_type=\"widget\" data-widget_type=\"text-editor.default\">\n\t\t\t\t<div class=\"elementor-widget-container\">\n\t\t\t\t\t\t\t<p>Im vorliegenden Fall klagte ein Mann aus dem Raum Aachen, der als angestellter Gebietsverkaufsleiter im Au\u00dfendienst t\u00e4tig ist. Da er beruflich viel unterwegs ist, erledigt er B\u00fcro- und Verwaltungsaufgaben von zu Hause. Dort hat er sich hierf\u00fcr ein B\u00fcro oberhalb der Wohnr\u00e4ume eingerichtet, welches \u00fcber eine Wendeltreppe<br>erreichbar ist. Im September 2018 st\u00fcrzte er auf dem Weg von den Wohnr\u00e4umen ins Homeoffice die Wendeltreppe hinunter.<\/p><p><br>Dabei erlitt er einen Brustwirbeltr\u00fcmmerbruch, seine Ehefrau fand ihn bewusstlos. Weil er auf direktem Weg zur Arbeit war, beantragte er bei der Berufsgenossenschaft Handel und Warenlogistik die Anerkennung des Sturzes als Arbeitsunfall. Die lehnte jedoch ab.&nbsp;<\/p><p><br><\/p><p>Sie argumentierte, dass der Unfallschutz in einer Privatwohnung auf dem Weg zum Zwecke der erstmaligen Arbeitsaufnahme erst mit Erreichen des h\u00e4uslichen Arbeitszimmers beginne. Daraufhin klagte er. W\u00e4hrend das Sozialgericht Aachen den erstmaligen morgendlichen Weg vom Bett ins Homeoffice als versicherten Betriebsweg ansah, beurteilte das Landessozialgericht Nordrhein-Westfalen in zweiter Instanz ihn als nicht versicherte Vorbereitungshandlung, die der eigentlichen T\u00e4tigkeit nur&nbsp; vorausgegangen sei, und wies die Klage ab.<\/p><p><br><\/p><p>Wege innerhalb der eigenen Wohnung sind n\u00e4mlich generell nicht unfallversichert. Laut Urteil des Landessozialgerichts sei der Weg auf der Treppe weder ein Betriebsweg noch ein Weg zur Arbeit, wie sie von den Berufsgenossenschaften versichert sind. Sein Sturz habe sich vielmehr im h\u00e4uslichen Wirkungskreis ereignet, stellte das Landessozialgericht fest. Das Bundessozialgericht hat nunmehr die Entscheidung der ersten Instanz best\u00e4tigt.<\/p>\t\t\t\t\t\t<\/div>\n\t\t\t\t<\/div>\n\t\t\t\t<div class=\"elementor-element elementor-element-b0782f9 elementor-widget elementor-widget-heading\" data-id=\"b0782f9\" data-element_type=\"widget\" data-widget_type=\"heading.default\">\n\t\t\t\t<div class=\"elementor-widget-container\">\n\t\t\t<h5 class=\"elementor-heading-title elementor-size-default\">Urteilsbegr\u00fcndung<\/h5>\t\t<\/div>\n\t\t\t\t<\/div>\n\t\t\t\t<div class=\"elementor-element elementor-element-b6f3c07 elementor-widget elementor-widget-text-editor\" data-id=\"b6f3c07\" data-element_type=\"widget\" data-widget_type=\"text-editor.default\">\n\t\t\t\t<div class=\"elementor-widget-container\">\n\t\t\t\t\t\t\t<p>Mit seiner Revision r\u00fcgt der Kl\u00e4ger eine Verletzung des materiellen Rechts nach<br>\u00a7 8 Absatz 1 Satz 1 Sozialgesetzbuch (SGB) VII \u2013 Gesetzliche Unfallversicherung. Das Bundesozialgericht in Kassel sprach dem Kl\u00e4ger nunmehr Leistungen der Unfallversicherung zu.&nbsp;<\/p>\n<p><br><\/p>\n<p>D<span style=\"color: var( --e-global-color-text ); font-family: var( --e-global-typography-text-font-family ), Sans-serif; font-weight: var( --e-global-typography-text-font-weight );\">ies k\u00f6nnen neben den Behandlungskosten je nach Unfallfolgen auch Rentenzahlungen sein. Zur Begr\u00fcndung erkl\u00e4rte das Bundessozialgericht, der Weg auf der Treppe habe in einem engen Zusammenhang mit der Arbeit gestanden.&nbsp;<\/span><\/p><p><span style=\"color: var( --e-global-color-text ); font-family: var( --e-global-typography-text-font-family ), Sans-serif; font-weight: var( --e-global-typography-text-font-weight );\">Der Verkaufsleiter habe seine Arbeit aufnehmen wollen. Diese objektive Handlungstendenz sei entscheidend.<\/span><\/p>\n<p><span style=\"color: var( --e-global-color-text ); font-family: var( --e-global-typography-text-font-family ), Sans-serif; font-weight: var( --e-global-typography-text-font-weight );\"><br><\/span><\/p>\n<p>Das Beschreiten der Treppe ins Homeoffice diente demnach allein der erstmaligen<br>Arbeitsaufnahme und war deshalb als Verrichtung im Interesse des Arbeitgebers als Betriebsweg versichert.<\/p>\t\t\t\t\t\t<\/div>\n\t\t\t\t<\/div>\n\t\t\t\t<div class=\"elementor-element elementor-element-7e944bf elementor-widget elementor-widget-heading\" data-id=\"7e944bf\" data-element_type=\"widget\" data-widget_type=\"heading.default\">\n\t\t\t\t<div class=\"elementor-widget-container\">\n\t\t\t<h5 class=\"elementor-heading-title elementor-size-default\">Aussichten<\/h5>\t\t<\/div>\n\t\t\t\t<\/div>\n\t\t\t\t<div class=\"elementor-element elementor-element-c8dbe1d elementor-widget elementor-widget-text-editor\" data-id=\"c8dbe1d\" data-element_type=\"widget\" data-widget_type=\"text-editor.default\">\n\t\t\t\t<div class=\"elementor-widget-container\">\n\t\t\t\t\t\t\t<p>In der Corona-Pandemie arbeiten viele Menschen aus dem Homeoffice. Die Wege zu Hause sind meist nicht weit. Trotzdem kann es passieren, dass zwischen Bett und Schreibtisch ein Ungl\u00fcck passiert. Sind die Besch\u00e4ftigten dann durch die gesetzliche Unfallversicherung gesch\u00fctzt?<\/p><p><br><\/p><p>Der zweite Senat des Bundessozialgerichts hat sich damit besch\u00e4ftigt und entschieden, dass ein Besch\u00e4ftigter, der auf dem morgendlichen erstmaligen Weg vom Bett ins Homeoffice st\u00fcrzt, durch die gesetzliche Unfallversicherung gesch\u00fctzt ist.<\/p><p><br>\nArbeitnehmerinnen und Arbeitnehmer im Homeoffice stehen auch auf dem Weg zur erstmaligen Arbeitsaufnahme in der eigenen Wohnung oder im eigenen Haus unter dem Schutz der gesetzlichen Unfallversicherung. Ma\u00dfgeblich ist die Handlungstendenz hin zur beruflichen T\u00e4tigkeit, urteilte das Bundessozialgericht. Dies gelte auch f\u00fcr Unf\u00e4lle vor der j\u00fcngsten Gesetzes\u00e4nderung im Juni 2021. Mit dem Betriebsr\u00e4temodernisierungsgesetz ist bereits im Juni 2021 eine gesetzliche Erweiterung des SGB VII in Kraft getreten. Infolgedessen sind ab dem 18. Juni 2021 bereits manche Wege im eigenen Haushalt zus\u00e4tzlich versichert. Der Gesetzgeber hielt insbesondere in Bezug auf innerh\u00e4usliche Wege zur Nahrungsaufnahme oder zum Toilettengang w\u00e4hrend der Arbeitszeit eine Gleichbehandlung beim Versicherungsschutz f\u00fcr geboten.&nbsp;<\/p><p><br><\/p><p>Daher besteht zu Hause dann Versicherungsschutz, wenn gleichartige T\u00e4tigkeiten bei der Arbeit im Betrieb versichert w\u00e4ren. Durch die gesetzliche \u00c4nderung des SGB VII sind auch Unf\u00e4lle auf Wegen aus dem Homeoffice und zur\u00fcck versichert, wenn sie erfolgen, um wegen der beruflichen T\u00e4tigkeit im Homeoffice beispielsweise Kinder in den Kindergarten oder zur Kindertagespflegeperson zu bringen.&nbsp;<\/p><p><br><\/p><p>Das Bundessozialgericht best\u00e4tigt dadurch, was ohnehin schon vorherrschende Meinung ist. Wer im Homeoffice etwas macht, was in direktem Zusammenhang zur Arbeit steht, ist gesetzlich unfallversichert. Die Kasseler Bundesrichter betonten, dass dies unabh\u00e4ngig von einer Gesetzes\u00e4nderung zum 18. Juni 2021<br>\ngilt und auch vorher galt. Nach der Neuregelung besteht Unfallschutz im Homeoffice in gleichem Umfang wie bei Aus\u00fcbung der T\u00e4tigkeit auf der Unternehmensst\u00e4tte.<\/p><p><br>\nDie Gesetzes\u00e4nderung sichert die neuere Rechtsprechung des Bundessozialgerichts ab, wonach auch betriebliche Wege innerhalb der Wohnung versichert sind, k\u00fcnftig zudem wohl auch Wege bis zur K\u00fcchent\u00fcr, um zu essen oder zu trinken. Auch im Streitfall habe es sich um einen solchen Betriebsweg gehandelt.&nbsp;<\/p><p><br><\/p><p>Das Bundessozialgericht stellte den Sturz damit einem Unfall gleich, wenn Arbeitnehmende den Betrieb erreicht haben, dann aber auf dem Weg zwischen Betriebseingang und Arbeitsplatz st\u00fcrzen. Bei so genannten Wegeunf\u00e4llen halte das Bundessozialgericht dagegen daran fest, dass der Unfallschutz erst nach Durchschreiten der privaten Au\u00dfent\u00fcr beginnt.<\/p>\t\t\t\t\t\t<\/div>\n\t\t\t\t<\/div>\n\t\t\t\t<div class=\"elementor-element elementor-element-e657e62 elementor-widget elementor-widget-heading\" data-id=\"e657e62\" data-element_type=\"widget\" data-widget_type=\"heading.default\">\n\t\t\t\t<div class=\"elementor-widget-container\">\n\t\t\t<h4 class=\"elementor-heading-title elementor-size-default\">Quelle: DBB Tacheles, Ausgabe Januar\/Februar 2022<\/h4>\t\t<\/div>\n\t\t\t\t<\/div>\n\t\t\t\t<div class=\"elementor-element elementor-element-79b7f27 elementor-align-center elementor-widget elementor-widget-button\" data-id=\"79b7f27\" data-element_type=\"widget\" data-widget_type=\"button.default\">\n\t\t\t\t<div class=\"elementor-widget-container\">\n\t\t\t\t\t\t\t<div class=\"elementor-button-wrapper\">\n\t\t\t\t\t<a class=\"elementor-button elementor-button-link elementor-size-md\" href=\"https:\/\/www.dbb.de\/fileadmin\/user_upload\/dbb\/pdfs\/mediathek\/tacheles\/2022\/tacheles_22_1-2.pdf\" target=\"_blank\" rel=\"noopener\">\n\t\t\t\t\t\t<span class=\"elementor-button-content-wrapper\">\n\t\t\t\t\t\t\t\t\t<span class=\"elementor-button-text\">Download Tacheles (.pdf)<\/span>\n\t\t\t\t\t<\/span>\n\t\t\t\t\t<\/a>\n\t\t\t\t<\/div>\n\t\t\t\t\t\t<\/div>\n\t\t\t\t<\/div>\n\t\t\t\t\t<\/div>\n\t\t<\/div>\n\t\t\t\t\t<\/div>\n\t\t<\/section>\n\t\t\t\t<\/div>\n\t\t","protected":false},"excerpt":{"rendered":"<p>Urteil des Zweiten Senats des Bundessozialgerichts in Kassel vom 8. Dezember 2021 (Aktenzeichen B2U4\/21R) Der Sachverhalt Im vorliegenden Fall klagte ein Mann aus dem Raum Aachen, der als angestellter Gebietsverkaufsleiter im Au\u00dfendienst t\u00e4tig ist. Da er beruflich viel unterwegs ist, erledigt er B\u00fcro- und Verwaltungsaufgaben von zu Hause. Dort hat er sich hierf\u00fcr ein B\u00fcro&hellip; <a class=\"more-link\" href=\"https:\/\/vdla-uka.de\/?p=1444\"><span class=\"screen-reader-text\">Schutz durch gesetzliche Unfallversicherung im Homeoffice<\/span> weiterlesen<\/a><\/p>\n","protected":false},"author":1,"featured_media":841,"comment_status":"open","ping_status":"open","sticky":false,"template":"","format":"standard","meta":{"footnotes":""},"categories":[10],"tags":[],"class_list":["post-1444","post","type-post","status-publish","format-standard","has-post-thumbnail","hentry","category-arbeit","entry"],"_links":{"self":[{"href":"https:\/\/vdla-uka.de\/index.php?rest_route=\/wp\/v2\/posts\/1444","targetHints":{"allow":["GET"]}}],"collection":[{"href":"https:\/\/vdla-uka.de\/index.php?rest_route=\/wp\/v2\/posts"}],"about":[{"href":"https:\/\/vdla-uka.de\/index.php?rest_route=\/wp\/v2\/types\/post"}],"author":[{"embeddable":true,"href":"https:\/\/vdla-uka.de\/index.php?rest_route=\/wp\/v2\/users\/1"}],"replies":[{"embeddable":true,"href":"https:\/\/vdla-uka.de\/index.php?rest_route=%2Fwp%2Fv2%2Fcomments&post=1444"}],"version-history":[{"count":7,"href":"https:\/\/vdla-uka.de\/index.php?rest_route=\/wp\/v2\/posts\/1444\/revisions"}],"predecessor-version":[{"id":1504,"href":"https:\/\/vdla-uka.de\/index.php?rest_route=\/wp\/v2\/posts\/1444\/revisions\/1504"}],"wp:featuredmedia":[{"embeddable":true,"href":"https:\/\/vdla-uka.de\/index.php?rest_route=\/wp\/v2\/media\/841"}],"wp:attachment":[{"href":"https:\/\/vdla-uka.de\/index.php?rest_route=%2Fwp%2Fv2%2Fmedia&parent=1444"}],"wp:term":[{"taxonomy":"category","embeddable":true,"href":"https:\/\/vdla-uka.de\/index.php?rest_route=%2Fwp%2Fv2%2Fcategories&post=1444"},{"taxonomy":"post_tag","embeddable":true,"href":"https:\/\/vdla-uka.de\/index.php?rest_route=%2Fwp%2Fv2%2Ftags&post=1444"}],"curies":[{"name":"wp","href":"https:\/\/api.w.org\/{rel}","templated":true}]}}